{"id":13058,"date":"2026-01-05T17:00:11","date_gmt":"2026-01-05T16:00:11","guid":{"rendered":"https:\/\/www.tdh-valais.ch\/article\/rafik\/"},"modified":"2026-01-19T16:50:12","modified_gmt":"2026-01-19T15:50:12","slug":"rafik","status":"publish","type":"article","link":"https:\/\/www.tdh-valais.ch\/de\/article\/rafik\/","title":{"rendered":"Rafik, ein Herz, das die Zeit \u00fcberdauert"},"content":{"rendered":"\n<p><strong><strong>Auf der Terrasse von<\/strong> <a href=\"https:\/\/www.tdh-valais.ch\/de\/la-maison\/\">La Maison<\/a> <strong>beleuchtet die Morgensonne das friedliche Gesicht von Rafik. In seinen H\u00e4nden h\u00e4lt er ein Tablett mit Pfefferminztee, dessen Duft nach frischen Bl\u00e4ttern und Zucker sich mit der leichten Luft von Massongex vermischt. Hinter dieser scheinbaren Ruhe verbirgt sich jedoch ein stiller Kampf<\/strong>.<\/strong><\/p>\n\n\n\n<p><strong><strong>Mit 46 Jahren lebt Rafik auf \u00abBew\u00e4hrung\u00bb. Sein schwaches Herz, das bereits mehrfach operiert wurde, schl\u00e4gt heute im Rhythmus des Wartens. Im Universit\u00e4tsspital Genf<\/strong> <a href=\"https:\/\/www.hug.ch\/en\" target=\"_blank\" rel=\"noreferrer noopener\">(HUG)<\/a> <strong>wird eine neue Operation vorbereitet: die riskanteste von allen. Rafik geh\u00f6rt zu denen, die La Maison nie vergessen hat. Das Kind, das einst aufgenommen wurde, ist heute ein Mann, der mehrmals hierher zur\u00fcckgekehrt ist, um buchst\u00e4blich und im \u00fcbertragenen Sinne wieder zu Atem zu kommen<\/strong>.<\/strong><\/p>\n\n\n\n<p>Von Val\u00e9rie Pellissier<\/p>\n\n\n\n<div style=\"height:30px\" aria-hidden=\"true\" class=\"wp-block-spacer\"><\/div>\n\n\n\n<h2 class=\"wp-block-heading has-large-font-size\" id=\"h-ein-herzschlag-nach-dem-anderen\">Ein Herzschlag nach dem anderen<\/h2>\n\n\n\n<p>Rafik wurde 1979 in Casablanca mit einer schweren Herzfehlbildung namens Fallot-Tetralogie geboren. \u201eAls Baby war ich ganz blau. Meine Mutter trug mich immer auf dem R\u00fccken, ich konnte erst mit sechs Jahren laufen\u201c, erz\u00e4hlt er leise.<\/p>\n\n\n\n<p>Ein marokkanischer Arzt verwies seine Eltern an die Stiftung Terre des Hommes Valais. \u201eSo kam ich 1986 zum ersten Mal nach Massongex.\u201c<\/p>\n\n\n\n<p>Die Operation, der er sich in der Schweiz unterzog, rettete ihm das Leben. Endlich \u00f6ffnete sich ihm die Welt. Er konnte laufen, spielen, zur Schule gehen. Aber die Krankheit hatte noch nicht ihr letztes Wort gesprochen.<\/p>\n\n\n<div class=\"wp-block-image\">\n<figure class=\"aligncenter size-full is-resized\"><img loading=\"lazy\" decoding=\"async\" width=\"1024\" height=\"719\" src=\"https:\/\/www.tdh-valais.ch\/wp-content\/uploads\/2026\/01\/j182-pour-site_rafik-enfant.jpg\" alt=\"Rafik w\u00e4hrend seines ersten Aufenthalts in La Maison im Jahr 1986. Der Beginn einer Lebensgeschichte und einer Wiedergeburt\" class=\"wp-image-13003\" style=\"aspect-ratio:1.4242191432431717;width:607px;height:auto\" srcset=\"https:\/\/www.tdh-valais.ch\/wp-content\/uploads\/2026\/01\/j182-pour-site_rafik-enfant.jpg 1024w, https:\/\/www.tdh-valais.ch\/wp-content\/uploads\/2026\/01\/j182-pour-site_rafik-enfant-300x211.jpg 300w, https:\/\/www.tdh-valais.ch\/wp-content\/uploads\/2026\/01\/j182-pour-site_rafik-enfant-768x539.jpg 768w\" sizes=\"auto, (max-width: 1024px) 100vw, 1024px\" \/><figcaption class=\"wp-element-caption\"><em><em>Rafik w\u00e4hrend seines ersten Aufenthalts in La Maison im Jahr 1986. Der Beginn einer Lebensgeschichte und einer Wiedergeburt<\/em>.<\/em><\/figcaption><\/figure>\n<\/div>\n\n\n<div style=\"height:30px\" aria-hidden=\"true\" class=\"wp-block-spacer\"><\/div>\n\n\n\n<blockquote class=\"wp-block-quote is-layout-flow wp-block-quote-is-layout-flow\">\n<p class=\"has-text-align-center has-medium-font-size\"><strong>\u201eAls Baby war ich ganz blau. Meine Mutter trug mich immer auf dem R\u00fccken, ich konnte erst mit sechs Jahren laufen.\u201c<\/strong><br><br><em>Rafik<\/em><\/p>\n<\/blockquote>\n\n\n\n<div style=\"height:30px\" aria-hidden=\"true\" class=\"wp-block-spacer\"><\/div>\n\n\n\n<h2 class=\"wp-block-heading has-large-font-size\" id=\"h-jede-operation-eine-wiedergeburt\">Jede Operation eine Wiedergeburt<\/h2>\n\n\n\n<p>Seit seiner Kindheit hat Rafik sechs Herzoperationen hinter sich. Jede hat eine d\u00fcnne Narbe auf seiner Brust hinterlassen und eine tiefere in seiner Seele.<\/p>\n\n\n\n<p>Er wird weiterhin in <a href=\"https:\/\/www.chuv.ch\/fr\/\" target=\"_blank\" rel=\"noreferrer noopener\">Lausanne<\/a> und Genf behandelt und ist den \u00c4rzten, die ihn begleiten, unendlich dankbar: Prof. Tornike Sologashvili, Dr. Judith Bouchardy und ihren Teams.<\/p>\n\n\n\n<p>Am Ende dieses Jahres steht ihm eine siebte Operation bevor. Er ist sich der erheblichen Risiken voll bewusst. Er spricht mit ruhiger Stimme dar\u00fcber, aber in seinen Augen blitzt eine Besorgnis auf, die er zu unterdr\u00fccken versucht. \u201eIch bin gl\u00e4ubig\u201c, sagt er zur\u00fcckhaltend. \u201eIch lege alles in Gottes H\u00e4nde. Man weiss nie, woran man sterben wird. Das Wichtigste ist, in Frieden zu leben.\u201c<\/p>\n\n\n\n<h2 class=\"wp-block-heading has-large-font-size\" id=\"h-ein-aufrechter-mann-umgeben-von-zuneigung\">Ein aufrechter Mann, umgeben von Zuneigung<\/h2>\n\n\n\n<p>F\u00fcr Rafik bedeutet die R\u00fcckkehr nach La Maison, einen Ort voller G\u00fcte und Dankbarkeit wiederzufinden. Hier geniesst er die Ruhe, die N\u00e4he zur Natur und vor allem die menschliche W\u00e4rme, die die Herzen erw\u00e4rmt. \u201eIch liebe es, in der Umgebung spazieren zu gehen, zu atmen und zu sp\u00fcren, dass ich lebe\u201c, fl\u00fcstert er.<\/p>\n\n\n\n<p>Oft ist er der einzige Erwachsene unter den Kindern, die sich hier erholen, und findet ganz nat\u00fcrlich seinen Platz. Er hilft in der K\u00fcche, unterst\u00fctzt das Personal und begleitet die Kinder. \u201eManche sind am Anfang sch\u00fcchtern, aber nach ein paar Tagen werden wir Freunde. Sie sehen mich als grossen Bruder.\u201c Er strahlt: \u201eIch komme aus einem Arbeiterviertel. Bei uns helfen sich alle gegenseitig.\u201c<\/p>\n\n\n\n<p>Um ihn herum wacht ein ganzes Team: Erzieherinnen und Erzieher, Krankenschwestern, Freiwillige, Koordinatoren, Patinnen und Paten. Jeder und jede tr\u00e4gt auf seine oder ihre Weise zu diesem Wunder der Solidarit\u00e4t bei.<\/p>\n\n\n\n<h2 class=\"wp-block-heading has-large-font-size\" id=\"h-aliounes-blick\">Aliounes Blick<\/h2>\n\n\n\n<p>Alioune Ngom, Leiter des Bildungsbereichs, kennt Rafik schon seit langem. \u201eIch habe ihn 2006 w\u00e4hrend meines Praktikums in Massongex zum ersten Mal getroffen. Damals war er ein junger Erwachsener. Heute ist er ein vollwertiger Mann.\u201c<\/p>\n\n\n\n<p>Er spricht mit zur\u00fcckhaltender Emotion \u00fcber ihn: \u201eEr ist sehr einf\u00fchlsam. Wenn ein Kind weint, nimmt er es in die Arme und tr\u00f6stet es. In ihm finden wir alles wieder, wof\u00fcr La Maison steht: Mut und Wohlwollen.\u201c<\/p>\n\n\n\n<p>Die immer h\u00e4ufiger werdende Anwesenheit von Erwachsenen wie Rafik veranlasst die Einrichtung, sich neu zu erfinden. \u201eHier wurde alles f\u00fcr Kinder konzipiert, aber wir bieten auch Erwachsenen einen eigenen Bereich: ein angepasstes Zimmer und speziell f\u00fcr sie entwickelte Aktivit\u00e4ten.\u201c<\/p>\n\n\n\n<p>Jeder Abschied ist jedoch ein schwieriger Moment. \u201eJedes Mal sagt er mir: Ich weiss nicht, ob ich wiederkommen werde &#8230; Man hat mir schon mehrmals die Brust ge\u00f6ffnet, und das ist kein Hemd, das man zukn\u00f6pft.\u201c Alioune macht eine Pause und f\u00fcgt dann leise hinzu: \u201eEr spricht mit ersch\u00fctternder Klarheit \u00fcber seine Krankheit, aber immer mit einer W\u00fcrde, die ber\u00fchrt.\u201c<\/p>\n\n\n\n<div style=\"height:30px\" aria-hidden=\"true\" class=\"wp-block-spacer\"><\/div>\n\n\n\n<blockquote class=\"wp-block-quote is-layout-flow wp-block-quote-is-layout-flow\">\n<p class=\"has-text-align-center has-medium-font-size\"><strong>\u201eEr ist sehr einf\u00fchlsam. Wenn ein Kind weint, nimmt er es in die Arme und tr\u00f6stet es. In ihm finden wir alles wieder, wof\u00fcr La Maison steht: Mut und Wohlwollen.\u201c<\/strong><br><br><em>Alioune, Erzieher bei<\/em> <em>La Maison<\/em><\/p>\n<\/blockquote>\n\n\n\n<div style=\"height:30px\" aria-hidden=\"true\" class=\"wp-block-spacer\"><\/div>\n\n\n\n<h2 class=\"wp-block-heading has-large-font-size\" id=\"h-hinter-den-kulissen-einer-ankunft\">Hinter den Kulissen einer Ankunft<\/h2>\n\n\n\n<p>Hinter jedem Aufenthalt in La Maison steckt eine immense Gemeinschaftsarbeit.<\/p>\n\n\n\n<p>Zihret Hasanovic, Koordinator zwischen den Krankenh\u00e4usern und La Maison, organisiert jedes Detail: Flugtickets, Formalit\u00e4ten, ehrenamtliche Begleitung, Koordination mit den Gesundheitsspezialisten und der Stiftung \u201e<a href=\"https:\/\/www.chancecoeur.ch\/\" target=\"_blank\" rel=\"noreferrer noopener\">Une Chance, un C\u0153ur<\/a>\u201c, die sich um Rafik gek\u00fcmmert hat. Nichts wird dem Zufall \u00fcberlassen. Alles wird so organisiert, dass der \u00dcbergang vom Herkunftsland nach Massongex menschlich und pr\u00e4zise verl\u00e4uft.<\/p>\n\n\n\n<p>Aber Erwachsene aufzunehmen bedeutet, eine andere Art der Begleitung zu lernen. \u201eDiejenigen, die bereits hier waren, k\u00f6nnen manchmal direkt vom Flughafen zu La Maison kommen. Ihre Bed\u00fcrfnisse sind anders. Wir spielen nicht zusammen oder malen Bilder aus, sondern tauschen uns \u00fcber das Leben, Sorgen und den Glauben aus.\u201c<\/p>\n\n\n\n<p>Zihret schliesst sich Alioune an und betont ebenfalls die Notwendigkeit, mehr Privatsph\u00e4re zu bieten. \u201eWenn wir in Zukunft mehr Erwachsene aufnehmen, m\u00fcssen wir mehr Einzelzimmer sowie eine ruhigere und erholsamere Umgebung vorsehen.\u201c<\/p>\n\n\n\n<p>Seine Emotionen kommen zum Vorschein, wenn er \u00fcber diese Lebenswege spricht, die sich \u00fcber die Zeit erstrecken: \u201eMenschen wie Rafik, die wir als Kinder kennengelernt haben, Jahre sp\u00e4ter f\u00fcr eine neue lebenswichtige Operation wiederzusehen, ist sehr bewegend. Es ist nicht nur eine medizinische Behandlung, es ist eine Geschichte der Liebe und F\u00fcrsorge, die weitergeht.\u201c.\u00a0\u00bb<\/p>\n\n\n\n<h2 class=\"wp-block-heading has-large-font-size\" id=\"h-eine-botschaft-die-von-herzen-kommt\">Eine Botschaft, die von Herzen kommt<\/h2>\n\n\n\n<p>Bevor er uns verl\u00e4sst, stellt Rafik langsam die Teekanne ab. Sein Blick wird tr\u00fcb, durchdrungen von einer Emotion, die er nicht zu verbergen versucht. \u201eIch m\u00f6chte mich bedanken. Denn mit wenig kann man ein Leben retten. Hier kann man f\u00fcr f\u00fcnfzehn Franken eine Pizza essen. Bei uns kann man mit f\u00fcnfzehn Franken eine Familie ern\u00e4hren. Und manchmal kann man jemanden retten.\u201c<\/p>\n\n\n\n<p>Es herrscht Stille. Dann hellt sich sein Gesicht mit einem sanften und zugleich zerbrechlichen L\u00e4cheln auf: \u201eOhne La Maison w\u00e4re ich nicht mehr da. Spenden bedeutet, dem Leben eine Chance zu geben.\u201c<\/p>\n\n\n\n<div style=\"height:30px\" aria-hidden=\"true\" class=\"wp-block-spacer\"><\/div>\n\n\n\n<blockquote class=\"wp-block-quote is-layout-flow wp-block-quote-is-layout-flow\">\n<p class=\"has-text-align-center has-medium-font-size\"><strong>\u201eOhne La Maison w\u00e4re ich nicht mehr da. Spenden bedeutet, dem Leben eine Chance zu geben.\u201c<\/strong><br><br><em>Rafik<\/em><\/p>\n<\/blockquote>\n\n\n\n<div style=\"height:30px\" aria-hidden=\"true\" class=\"wp-block-spacer\"><\/div>\n\n\n\n<h2 class=\"wp-block-heading has-large-font-size\" id=\"h-das-echo-einer-existenz\">Das Echo einer Existenz<\/h2>\n\n\n\n<p>Rafik lebt in Marokko, aber ein Teil seiner Geschichte wird immer noch in Massongex geschrieben. Dort wurde sein Herz wiederbelebt, getragen von unsichtbaren H\u00e4nden, die Tag f\u00fcr Tag diese Kette der Solidarit\u00e4t weiterweben.<\/p>\n\n\n\n<p>Durch ihn wird eines deutlich: La Maison ist zeitlos. Es hat Gesichter, Schicksale, eine Menschlichkeit in Bewegung. Und solange es Herzen zu heilen gibt, wird La Maison weiterhin Hoffnung schenken, damit andere wie Rafik wachsen, heilen und tr\u00e4umen k\u00f6nnen.<\/p>\n\n\n\n<p>Aber all dies w\u00e4re ohne die Grossz\u00fcgigkeit derjenigen, die es unterst\u00fctzen, nicht m\u00f6glich. Jede Spende, ob klein oder gross, entfacht erneut die Flamme, die La Maison seit mehr als einem halben Jahrhundert erleuchtet.<\/p>\n\n\n<div class=\"wp-block-image\">\n<figure class=\"aligncenter size-large\"><img loading=\"lazy\" decoding=\"async\" width=\"1024\" height=\"683\" src=\"https:\/\/www.tdh-valais.ch\/wp-content\/uploads\/2026\/01\/j182-pour-site_rafik-et-enfants_en-tete-3-2-1024x683.jpg\" alt=\"Rafik, umgeben von Aissatou und Olouwatobi. Drei Lebenswege, vereint durch Hoffnung und die Kraft des Herzens.\" class=\"wp-image-13007\" srcset=\"https:\/\/www.tdh-valais.ch\/wp-content\/uploads\/2026\/01\/j182-pour-site_rafik-et-enfants_en-tete-3-2-1024x683.jpg 1024w, https:\/\/www.tdh-valais.ch\/wp-content\/uploads\/2026\/01\/j182-pour-site_rafik-et-enfants_en-tete-3-2-300x200.jpg 300w, https:\/\/www.tdh-valais.ch\/wp-content\/uploads\/2026\/01\/j182-pour-site_rafik-et-enfants_en-tete-3-2-768x512.jpg 768w, https:\/\/www.tdh-valais.ch\/wp-content\/uploads\/2026\/01\/j182-pour-site_rafik-et-enfants_en-tete-3-2-1536x1024.jpg 1536w, https:\/\/www.tdh-valais.ch\/wp-content\/uploads\/2026\/01\/j182-pour-site_rafik-et-enfants_en-tete-3-2-2048x1365.jpg 2048w\" sizes=\"auto, (max-width: 1024px) 100vw, 1024px\" \/><figcaption class=\"wp-element-caption\"><em><em>Rafik, umgeben von Aissatou und Olouwatobi. Drei Lebenswege, vereint durch Hoffnung und die Kraft des Herzens<\/em>.<\/em><\/figcaption><\/figure>\n<\/div>\n\n\n<div style=\"height:30px\" aria-hidden=\"true\" class=\"wp-block-spacer\"><\/div>\n\n\n\n<div class=\"wp-block-buttons is-content-justification-center is-layout-flex wp-container-core-buttons-is-layout-16018d1d wp-block-buttons-is-layout-flex\">\n<div class=\"wp-block-button is-style-fill\"><a class=\"wp-block-button__link has-background has-text-align-center wp-element-button\" href=\"https:\/\/www.tdh-valais.ch\/de\/eine-spende-machen\/\" style=\"background-color:#f49600\">Den Kindern von La Maison helfen<\/a><\/div>\n<\/div>\n\n\n\n<div style=\"height:30px\" aria-hidden=\"true\" class=\"wp-block-spacer\"><\/div>\n\n\n\n<hr class=\"wp-block-separator has-alpha-channel-opacity\"\/>\n\n\n<div class=\"wp-block-image\">\n<figure class=\"alignleft size-full is-resized\"><img loading=\"lazy\" decoding=\"async\" width=\"2880\" height=\"2577\" src=\"https:\/\/www.tdh-valais.ch\/wp-content\/uploads\/2026\/01\/j182_p-9-11_dr-sologashvili-en-miniature-ronde-scaled.jpg\" alt=\"Tornike Sologashvili\" class=\"wp-image-12999\" style=\"aspect-ratio:1;object-fit:cover;width:96px\" srcset=\"https:\/\/www.tdh-valais.ch\/wp-content\/uploads\/2026\/01\/j182_p-9-11_dr-sologashvili-en-miniature-ronde-scaled.jpg 2880w, https:\/\/www.tdh-valais.ch\/wp-content\/uploads\/2026\/01\/j182_p-9-11_dr-sologashvili-en-miniature-ronde-300x268.jpg 300w, https:\/\/www.tdh-valais.ch\/wp-content\/uploads\/2026\/01\/j182_p-9-11_dr-sologashvili-en-miniature-ronde-1024x916.jpg 1024w, https:\/\/www.tdh-valais.ch\/wp-content\/uploads\/2026\/01\/j182_p-9-11_dr-sologashvili-en-miniature-ronde-768x687.jpg 768w, https:\/\/www.tdh-valais.ch\/wp-content\/uploads\/2026\/01\/j182_p-9-11_dr-sologashvili-en-miniature-ronde-1536x1374.jpg 1536w, https:\/\/www.tdh-valais.ch\/wp-content\/uploads\/2026\/01\/j182_p-9-11_dr-sologashvili-en-miniature-ronde-2048x1832.jpg 2048w\" sizes=\"auto, (max-width: 2880px) 100vw, 2880px\" \/><\/figure>\n<\/div>\n\n\n<div class=\"wp-block-group has-background\" style=\"background-color:#feebd4\"><div class=\"wp-block-group__inner-container is-layout-constrained wp-block-group-is-layout-constrained\">\n<h3 class=\"wp-block-heading has-text-color has-link-color has-medium-font-size wp-elements-9e0467f7d8df14d4f10da3fb9bce728b\" id=\"h-ein-akt-grundlegender-menschlichkeit\" style=\"color:#f49600\">\u201eEin Akt grundlegender Menschlichkeit\u201c<\/h3>\n\n\n\n<h3 class=\"wp-block-heading has-medium-font-size\" id=\"h-kinderherzchirurgie-schweizer-spitzenleistung-von-tornike-sologashvili-interview-mit-einem-chirurgen-mit-grossem-herzen\"><strong>Kinderherzchirurgie: Schweizer Spitzenleistung von Tornike Sologashvili. Interview mit einem Chirurgen mit grossem Herzen<\/strong>.<\/h3>\n\n\n\n<p><br><em>Als international t\u00e4tiger Chirurg hat sich Prof. Tornike Sologashvili als eine der f\u00fchrenden Pers\u00f6nlichkeiten in der Kinderherzchirurgie etabliert. Von Georgien bis in die Schweiz \u2013 sein technisches Fachwissen, sein humanit\u00e4res Engagement und seine Rolle als Ausbilder machen ihn zu einem weltweit anerkannten, unverzichtbaren Akteur im medizinischen Bereich.<\/em><\/p>\n\n\n\n<p><em>Der Spezialist blickt zur\u00fcck auf Rafiks Weg, auf die medizinischen und menschlichen Herausforderungen seiner bevorstehenden Operation und auf die solidarische Bedeutung jeder Geste, die diesen zerbrechlichen Leben zuteilwird.<\/em><\/p>\n\n\n\n<div class=\"wp-block-group has-background\" style=\"background-color:#feebd4\"><div class=\"wp-block-group__inner-container is-layout-constrained wp-block-group-is-layout-constrained\">\n<h4 class=\"wp-block-heading has-text-color has-link-color wp-elements-c86b7c62b532ea2ce0ba79730e116838\" id=\"h-konnen-sie-die-herzerkrankung-von-rafik-und-die-wichtigsten-etappen-seines-lebensweges-erlautern\" style=\"color:#1d1d1b;font-size:15px;font-style:normal;font-weight:400\"><br><strong><strong><strong><a><strong><strong><strong><strong>K\u00f6nnen Sie die Herzerkrankung von Rafik und die wichtigsten Etappen seines Lebensweges erl\u00e4utern?<\/strong><\/strong><\/strong><\/strong><\/a><\/strong><\/strong><\/strong><\/h4>\n\n\n\n<p>Rafik wurde mit einem Fallot-Vierfachfehler geboren, einer komplexen Herzfehlbildung. Als Kind wurde er zun\u00e4chst operiert und erhielt eine Pulmonalklappe.<\/p>\n\n\n\n<p>Wie alle implantierten Gewebe hat sich auch diese Klappe nach und nach abgebaut, sodass mehrere erneute Eingriffe erforderlich wurden. Heute steht Rafik vor seiner siebten Herzoperation, da die derzeitige Klappe nicht mehr richtig funktioniert und einen starken Druck im rechten Herzen verursacht.<\/p>\n\n\n\n<h4 class=\"wp-block-heading has-text-color has-link-color wp-elements-596414c852bda52a392a5db0d1c94304\" id=\"h-was-sind-die-herausforderungen-dieses-neuen-eingriffs\" style=\"color:#1d1d1b;font-size:15px\"><strong><strong><strong><strong><strong><strong><strong><strong>Was sind die Herausforderungen dieses neuen Eingriffs<\/strong><\/strong>?<\/strong><\/strong><\/strong><\/strong><\/strong><\/strong><\/h4>\n\n\n\n<p>Jede erneute \u00d6ffnung des Brustkorbs erh\u00f6ht das Risiko, da das Gewebe br\u00fcchig wird und verklebt. Wir hoffen jedoch, dass wir eine perkutane L\u00f6sung finden k\u00f6nnen, ohne den Brustkorb zu \u00f6ffnen. Sollte dies nicht m\u00f6glich sein, werden wir eine neue Operation durchf\u00fchren und ein Homotransplantat implantieren, also menschliches Gewebe, das von einem Spender entnommen wurde und haltbarer und besser vertr\u00e4glich ist.<\/p>\n\n\n\n<p>Es geht um Leben und Tod. Ohne Behandlung k\u00f6nnte der Herzdruck zu einer terminalen Herzinsuffizienz f\u00fchren.<\/p>\n\n\n\n<h4 class=\"wp-block-heading has-text-color has-link-color wp-elements-db912ad877a9ef96b818ee5f7e5b3b06\" id=\"h-rafik-gehort-zu-einer-generation-von-operierten-kindern-die-mittlerweile-erwachsen-sind-was-andert-sich-dadurch-fur-sie\" style=\"color:#1d1d1b;font-size:15px\"><strong><strong><strong><strong><strong><strong><strong><strong>Rafik geh\u00f6rt zu einer Generation von operierten Kindern, die mittlerweile erwachsen sind. Was \u00e4ndert sich dadurch f\u00fcr Sie<\/strong><\/strong><\/strong><\/strong>?<\/strong><\/strong><\/strong><\/strong><\/h4>\n\n\n\n<p>Diese Patienten sind erwachsen geworden, aber ihre Krankheiten sind nach wie vor angeboren. Das erfordert doppelte Fachkompetenz, sowohl in der P\u00e4diatrie als auch in der Erwachsenenmedizin, da ihre Herzen in der Kindheit rekonstruiert wurden, sich aber mit der Zeit weiterentwickeln. Es handelt sich um komplexe F\u00e4lle, die an der Grenze zwischen zwei Fachgebieten liegen.<\/p>\n\n\n\n<h4 class=\"wp-block-heading has-text-color has-link-color wp-elements-797fe88a71b3f0577870d7a8848f5720\" id=\"h-wie-wurden-sie-ihre-beziehung-zu-rafik-beschreiben\" style=\"color:#1d1d1b;font-size:15px\"><strong><strong><strong><strong><strong><strong><strong><strong>Wie w\u00fcrden Sie Ihre Beziehung zu Rafik beschreiben<\/strong><\/strong>?<\/strong><\/strong><\/strong><\/strong><\/strong><\/strong><\/h4>\n\n\n\n<p>Wir haben im Laufe der Jahre ein Vertrauensverh\u00e4ltnis aufgebaut. Er schickte mir regelm\u00e4ssig seine kardiologischen Befunde aus seinem Land. Als es m\u00f6glich war, ihn wieder zu behandeln, war das eine grosse Genugtuung. F\u00fcr uns sind diese Verl\u00e4ufe sowohl medizinischer als auch menschlicher Natur.<\/p>\n\n\n\n<h4 class=\"wp-block-heading has-text-color has-link-color wp-elements-505c7354fef2f2fece37796257273df3\" id=\"h-welche-rolle-spielt-la-maison-bei-seiner-genesung\" style=\"color:#1d1d1b;font-size:15px\"><strong><strong><strong><strong><strong><strong><strong><strong><strong>Welche Rolle spielt La Maison bei seiner Genesung?<\/strong><\/strong><\/strong><\/strong><\/strong><\/strong><\/strong><\/strong><\/strong><\/h4>\n\n\n\n<p>Sie ist von grundlegender Bedeutung. Viele Patienten haben La Maison bereits in ihrer Kindheit kennengelernt und finden dort eine herzliche, sichere und menschliche Umgebung vor. Es ist ein Ort, der die seelische und k\u00f6rperliche Genesung nach einer schweren Operation f\u00f6rdert. Ohne dieses Umfeld w\u00e4re die Genesung viel schwieriger.<\/p>\n\n\n\n<h4 class=\"wp-block-heading has-text-color has-link-color wp-elements-c5d741568f6c9a6f532dc2156f6e4904\" id=\"h-ein-letztes-wort-an-die-spenderinnen-und-spender\" style=\"color:#1d1d1b;font-size:15px\"><strong><strong><strong>Ein letztes Wort an die Spenderinnen und Spender?<\/strong><\/strong><\/strong><\/h4>\n\n\n\n<p>Ich bin ihnen zutiefst dankbar. Ohne ihre Unterst\u00fctzung g\u00e4be es diese Operationen nicht. In den Herkunftsl\u00e4ndern sind diese Behandlungen schlichtweg unerschwinglich.<\/p>\n\n\n\n<p>Dank der Solidarit\u00e4t der Spenderinnen und Spender k\u00f6nnen diese Patientinnen und Patienten weiterleben, hoffen und sich wieder aufbauen. Das ist ein Akt grundlegender Menschlichkeit.<\/p>\n<\/div><\/div>\n<\/div><\/div>\n\n\n\n<div style=\"height:30px\" aria-hidden=\"true\" class=\"wp-block-spacer\"><\/div>\n\n\n\n<div class=\"wp-block-group has-background\" style=\"background-color:#e7eef8\"><div class=\"wp-block-group__inner-container is-layout-constrained wp-block-group-is-layout-constrained\">\n<h3 class=\"wp-block-heading has-medium-font-size\" id=\"h-eine-europaische-premiere-wenn-wissenschaft-und-herz-im-einklang-schlagen\">Eine europ\u00e4ische Premiere: Wenn Wissenschaft und Herz im Einklang schlagen<\/h3>\n\n\n\n<p>Im September 2025 wurde ein neues Kapitel in der Geschichte der Medizin geschrieben. Im Universit\u00e4tsspital Genf (HUG) f\u00fchrte Prof. Tornike Sologashvili in Zusammenarbeit mit Dr. Julie Wacker die erste partielle Herztransplantation Europas bei einem zw\u00f6lfj\u00e4hrigen Kind mit einer komplexen angeborenen Fehlbildung durch.<\/p>\n\n\n\n<p>Dieser Eingriff, Ergebnis einer vorbildlichen Zusammenarbeit zwischen Kardiologen, Chirurgen und Pflegepersonal, er\u00f6ffnet neue Wege in der Kinderherzchirurgie.<\/p>\n\n\n\n<p>\u201eDie Herzmuskeln bleiben erhalten, das Risiko einer Abstossung ist geringer und das Leben kann seinen nat\u00fcrlichen Lauf nehmen\u201c, erkl\u00e4rt Dr. Wacker.<\/p>\n\n\n\n<p>\u201eDas ist ein Sieg der Wissenschaft, aber vor allem ein Sieg des Herzens\u201c, sagt Prof. Sologashvili.<\/p>\n\n\n\n<p>Ein Akt der F\u00fcrsorge und des Mutes, der daran erinnert, dass Medizin manchmal an Gnade grenzt.<\/p>\n<\/div><\/div>\n","protected":false},"excerpt":{"rendered":"<p>Rafik lebt auf Bew\u00e4hrung. Sein schwaches Herz, das bereits mehrfach operiert wurde, schl\u00e4gt heute im Rhythmus des Wartens.<\/p>\n","protected":false},"featured_media":13010,"template":"","class_list":["post-13058","article","type-article","status-publish","has-post-thumbnail","hentry"],"acf":[],"yoast_head":"<!-- This site is optimized with the Yoast SEO Premium plugin v27.4 (Yoast SEO v27.4) - https:\/\/yoast.com\/product\/yoast-seo-premium-wordpress\/ -->\n<title>Rafik, ein Herz, das die Zeit \u00fcberdauert<\/title>\n<meta name=\"description\" content=\"Mit 46 Jahren lebt Rafik auf Bew\u00e4hrung. Sein schwaches Herz, das bereits mehrfach operiert wurde, schl\u00e4gt heute im Rhythmus des Wartens.\" \/>\n<meta name=\"robots\" content=\"index, follow, max-snippet:-1, max-image-preview:large, max-video-preview:-1\" \/>\n<link rel=\"canonical\" href=\"https:\/\/www.tdh-valais.ch\/de\/article\/rafik\/\" \/>\n<meta property=\"og:locale\" content=\"de_DE\" \/>\n<meta property=\"og:type\" content=\"article\" \/>\n<meta property=\"og:title\" content=\"Rafik, ein Herz, das die Zeit \u00fcberdauert\" \/>\n<meta property=\"og:description\" content=\"Mit 46 Jahren lebt Rafik auf Bew\u00e4hrung. Sein schwaches Herz, das bereits mehrfach operiert wurde, schl\u00e4gt heute im Rhythmus des Wartens.\" \/>\n<meta property=\"og:url\" content=\"https:\/\/www.tdh-valais.ch\/de\/article\/rafik\/\" \/>\n<meta property=\"og:site_name\" content=\"Maison de Terre des hommes\" \/>\n<meta property=\"article:modified_time\" content=\"2026-01-19T15:50:12+00:00\" \/>\n<meta property=\"og:image\" content=\"https:\/\/www.tdh-valais.ch\/wp-content\/uploads\/2026\/01\/j182-pour-site_rafik-et-enfants_en-tete-3-2-scaled.jpg\" \/>\n\t<meta property=\"og:image:width\" content=\"2880\" \/>\n\t<meta property=\"og:image:height\" content=\"1920\" \/>\n\t<meta property=\"og:image:type\" content=\"image\/jpeg\" \/>\n<meta name=\"twitter:card\" content=\"summary_large_image\" \/>\n<meta name=\"twitter:label1\" content=\"Gesch\u00e4tzte Lesezeit\" \/>\n\t<meta name=\"twitter:data1\" content=\"10\u00a0Minuten\" \/>\n<script type=\"application\/ld+json\" class=\"yoast-schema-graph\">{\"@context\":\"https:\\\/\\\/schema.org\",\"@graph\":[{\"@type\":\"WebPage\",\"@id\":\"https:\\\/\\\/www.tdh-valais.ch\\\/de\\\/article\\\/rafik\\\/\",\"url\":\"https:\\\/\\\/www.tdh-valais.ch\\\/de\\\/article\\\/rafik\\\/\",\"name\":\"Rafik, ein Herz, das die Zeit \u00fcberdauert\",\"isPartOf\":{\"@id\":\"https:\\\/\\\/www.tdh-valais.ch\\\/#website\"},\"primaryImageOfPage\":{\"@id\":\"https:\\\/\\\/www.tdh-valais.ch\\\/de\\\/article\\\/rafik\\\/#primaryimage\"},\"image\":{\"@id\":\"https:\\\/\\\/www.tdh-valais.ch\\\/de\\\/article\\\/rafik\\\/#primaryimage\"},\"thumbnailUrl\":\"https:\\\/\\\/www.tdh-valais.ch\\\/wp-content\\\/uploads\\\/2026\\\/01\\\/j182-pour-site_rafik-et-enfants_en-tete-3-2-scaled.jpg\",\"datePublished\":\"2026-01-05T16:00:11+00:00\",\"dateModified\":\"2026-01-19T15:50:12+00:00\",\"description\":\"Mit 46 Jahren lebt Rafik auf Bew\u00e4hrung. Sein schwaches Herz, das bereits mehrfach operiert wurde, schl\u00e4gt heute im Rhythmus des Wartens.\",\"breadcrumb\":{\"@id\":\"https:\\\/\\\/www.tdh-valais.ch\\\/de\\\/article\\\/rafik\\\/#breadcrumb\"},\"inLanguage\":\"de\",\"potentialAction\":[{\"@type\":\"ReadAction\",\"target\":[\"https:\\\/\\\/www.tdh-valais.ch\\\/de\\\/article\\\/rafik\\\/\"]}]},{\"@type\":\"ImageObject\",\"inLanguage\":\"de\",\"@id\":\"https:\\\/\\\/www.tdh-valais.ch\\\/de\\\/article\\\/rafik\\\/#primaryimage\",\"url\":\"https:\\\/\\\/www.tdh-valais.ch\\\/wp-content\\\/uploads\\\/2026\\\/01\\\/j182-pour-site_rafik-et-enfants_en-tete-3-2-scaled.jpg\",\"contentUrl\":\"https:\\\/\\\/www.tdh-valais.ch\\\/wp-content\\\/uploads\\\/2026\\\/01\\\/j182-pour-site_rafik-et-enfants_en-tete-3-2-scaled.jpg\",\"width\":2880,\"height\":1920},{\"@type\":\"BreadcrumbList\",\"@id\":\"https:\\\/\\\/www.tdh-valais.ch\\\/de\\\/article\\\/rafik\\\/#breadcrumb\",\"itemListElement\":[{\"@type\":\"ListItem\",\"position\":1,\"name\":\"Home\",\"item\":\"https:\\\/\\\/www.tdh-valais.ch\\\/de\\\/\"},{\"@type\":\"ListItem\",\"position\":2,\"name\":\"Rafik, ein Herz, das die Zeit \u00fcberdauert\"}]},{\"@type\":\"WebSite\",\"@id\":\"https:\\\/\\\/www.tdh-valais.ch\\\/#website\",\"url\":\"https:\\\/\\\/www.tdh-valais.ch\\\/\",\"name\":\"Maison de Terre des hommes\",\"description\":\"La Maison de Terre des hommes \u00e0 Massongex est un home m\u00e9dicalis\u00e9 qui accueilles des enfants malades venus se faire soigner en Suisse.\",\"publisher\":{\"@id\":\"https:\\\/\\\/www.tdh-valais.ch\\\/#organization\"},\"potentialAction\":[{\"@type\":\"SearchAction\",\"target\":{\"@type\":\"EntryPoint\",\"urlTemplate\":\"https:\\\/\\\/www.tdh-valais.ch\\\/?s={search_term_string}\"},\"query-input\":{\"@type\":\"PropertyValueSpecification\",\"valueRequired\":true,\"valueName\":\"search_term_string\"}}],\"inLanguage\":\"de\"},{\"@type\":\"Organization\",\"@id\":\"https:\\\/\\\/www.tdh-valais.ch\\\/#organization\",\"name\":\"Maison de Terre des hommes Valais\",\"url\":\"https:\\\/\\\/www.tdh-valais.ch\\\/\",\"logo\":{\"@type\":\"ImageObject\",\"inLanguage\":\"de\",\"@id\":\"https:\\\/\\\/www.tdh-valais.ch\\\/#\\\/schema\\\/logo\\\/image\\\/\",\"url\":\"https:\\\/\\\/www.tdh-valais.ch\\\/wp-content\\\/uploads\\\/2019\\\/09\\\/logo.png\",\"contentUrl\":\"https:\\\/\\\/www.tdh-valais.ch\\\/wp-content\\\/uploads\\\/2019\\\/09\\\/logo.png\",\"width\":165,\"height\":104,\"caption\":\"Maison de Terre des hommes Valais\"},\"image\":{\"@id\":\"https:\\\/\\\/www.tdh-valais.ch\\\/#\\\/schema\\\/logo\\\/image\\\/\"}}]}<\/script>\n<!-- \/ Yoast SEO Premium plugin. -->","yoast_head_json":{"title":"Rafik, ein Herz, das die Zeit \u00fcberdauert","description":"Mit 46 Jahren lebt Rafik auf Bew\u00e4hrung. Sein schwaches Herz, das bereits mehrfach operiert wurde, schl\u00e4gt heute im Rhythmus des Wartens.","robots":{"index":"index","follow":"follow","max-snippet":"max-snippet:-1","max-image-preview":"max-image-preview:large","max-video-preview":"max-video-preview:-1"},"canonical":"https:\/\/www.tdh-valais.ch\/de\/article\/rafik\/","og_locale":"de_DE","og_type":"article","og_title":"Rafik, ein Herz, das die Zeit \u00fcberdauert","og_description":"Mit 46 Jahren lebt Rafik auf Bew\u00e4hrung. Sein schwaches Herz, das bereits mehrfach operiert wurde, schl\u00e4gt heute im Rhythmus des Wartens.","og_url":"https:\/\/www.tdh-valais.ch\/de\/article\/rafik\/","og_site_name":"Maison de Terre des hommes","article_modified_time":"2026-01-19T15:50:12+00:00","og_image":[{"width":2880,"height":1920,"url":"https:\/\/www.tdh-valais.ch\/wp-content\/uploads\/2026\/01\/j182-pour-site_rafik-et-enfants_en-tete-3-2-scaled.jpg","type":"image\/jpeg"}],"twitter_card":"summary_large_image","twitter_misc":{"Gesch\u00e4tzte Lesezeit":"10\u00a0Minuten"},"schema":{"@context":"https:\/\/schema.org","@graph":[{"@type":"WebPage","@id":"https:\/\/www.tdh-valais.ch\/de\/article\/rafik\/","url":"https:\/\/www.tdh-valais.ch\/de\/article\/rafik\/","name":"Rafik, ein Herz, das die Zeit \u00fcberdauert","isPartOf":{"@id":"https:\/\/www.tdh-valais.ch\/#website"},"primaryImageOfPage":{"@id":"https:\/\/www.tdh-valais.ch\/de\/article\/rafik\/#primaryimage"},"image":{"@id":"https:\/\/www.tdh-valais.ch\/de\/article\/rafik\/#primaryimage"},"thumbnailUrl":"https:\/\/www.tdh-valais.ch\/wp-content\/uploads\/2026\/01\/j182-pour-site_rafik-et-enfants_en-tete-3-2-scaled.jpg","datePublished":"2026-01-05T16:00:11+00:00","dateModified":"2026-01-19T15:50:12+00:00","description":"Mit 46 Jahren lebt Rafik auf Bew\u00e4hrung. Sein schwaches Herz, das bereits mehrfach operiert wurde, schl\u00e4gt heute im Rhythmus des Wartens.","breadcrumb":{"@id":"https:\/\/www.tdh-valais.ch\/de\/article\/rafik\/#breadcrumb"},"inLanguage":"de","potentialAction":[{"@type":"ReadAction","target":["https:\/\/www.tdh-valais.ch\/de\/article\/rafik\/"]}]},{"@type":"ImageObject","inLanguage":"de","@id":"https:\/\/www.tdh-valais.ch\/de\/article\/rafik\/#primaryimage","url":"https:\/\/www.tdh-valais.ch\/wp-content\/uploads\/2026\/01\/j182-pour-site_rafik-et-enfants_en-tete-3-2-scaled.jpg","contentUrl":"https:\/\/www.tdh-valais.ch\/wp-content\/uploads\/2026\/01\/j182-pour-site_rafik-et-enfants_en-tete-3-2-scaled.jpg","width":2880,"height":1920},{"@type":"BreadcrumbList","@id":"https:\/\/www.tdh-valais.ch\/de\/article\/rafik\/#breadcrumb","itemListElement":[{"@type":"ListItem","position":1,"name":"Home","item":"https:\/\/www.tdh-valais.ch\/de\/"},{"@type":"ListItem","position":2,"name":"Rafik, ein Herz, das die Zeit \u00fcberdauert"}]},{"@type":"WebSite","@id":"https:\/\/www.tdh-valais.ch\/#website","url":"https:\/\/www.tdh-valais.ch\/","name":"Maison de Terre des hommes","description":"La Maison de Terre des hommes \u00e0 Massongex est un home m\u00e9dicalis\u00e9 qui accueilles des enfants malades venus se faire soigner en Suisse.","publisher":{"@id":"https:\/\/www.tdh-valais.ch\/#organization"},"potentialAction":[{"@type":"SearchAction","target":{"@type":"EntryPoint","urlTemplate":"https:\/\/www.tdh-valais.ch\/?s={search_term_string}"},"query-input":{"@type":"PropertyValueSpecification","valueRequired":true,"valueName":"search_term_string"}}],"inLanguage":"de"},{"@type":"Organization","@id":"https:\/\/www.tdh-valais.ch\/#organization","name":"Maison de Terre des hommes Valais","url":"https:\/\/www.tdh-valais.ch\/","logo":{"@type":"ImageObject","inLanguage":"de","@id":"https:\/\/www.tdh-valais.ch\/#\/schema\/logo\/image\/","url":"https:\/\/www.tdh-valais.ch\/wp-content\/uploads\/2019\/09\/logo.png","contentUrl":"https:\/\/www.tdh-valais.ch\/wp-content\/uploads\/2019\/09\/logo.png","width":165,"height":104,"caption":"Maison de Terre des hommes Valais"},"image":{"@id":"https:\/\/www.tdh-valais.ch\/#\/schema\/logo\/image\/"}}]}},"_links":{"self":[{"href":"https:\/\/www.tdh-valais.ch\/de\/wp-json\/wp\/v2\/article\/13058","targetHints":{"allow":["GET"]}}],"collection":[{"href":"https:\/\/www.tdh-valais.ch\/de\/wp-json\/wp\/v2\/article"}],"about":[{"href":"https:\/\/www.tdh-valais.ch\/de\/wp-json\/wp\/v2\/types\/article"}],"wp:featuredmedia":[{"embeddable":true,"href":"https:\/\/www.tdh-valais.ch\/de\/wp-json\/wp\/v2\/media\/13010"}],"wp:attachment":[{"href":"https:\/\/www.tdh-valais.ch\/de\/wp-json\/wp\/v2\/media?parent=13058"}],"curies":[{"name":"wp","href":"https:\/\/api.w.org\/{rel}","templated":true}]}}