{"id":11371,"date":"2024-12-23T16:32:29","date_gmt":"2024-12-23T15:32:29","guid":{"rendered":"https:\/\/www.tdh-valais.ch\/article\/la-maison-un-lieu-pour-renaitre\/"},"modified":"2025-01-08T10:41:14","modified_gmt":"2025-01-08T09:41:14","slug":"la-maison-ein-ort-um-wiedergeboren-zu-werden","status":"publish","type":"article","link":"https:\/\/www.tdh-valais.ch\/de\/article\/la-maison-ein-ort-um-wiedergeboren-zu-werden\/","title":{"rendered":"La Maison, ein Ort, um wiedergeboren zu werden"},"content":{"rendered":"\n<h2 class=\"wp-block-heading has-medium-font-size\" id=\"h-bewegende-ruckkehr-nach-la-maison-fur-iman-die-im-alter-von-8-jahren-bei-lebendigem-leib-verbrannt-wurde-und-zwischen-1985-und-1987-in-der-schweiz-behandelt-wurde\"><em>Bewegende R\u00fcckkehr nach <\/em>La Maison<em> f\u00fcr Iman, die im Alter von 8 Jahren bei lebendigem Leib verbrannt wurde und zwischen 1985 und 1987 in der Schweiz behandelt wurde.<\/em><\/h2>\n\n\n\n<p><strong><strong>Im vergangenen Juli, fast 40 Jahre nach ihrem Aufenthalt in <em><a href=\"https:\/\/www.tdh-valais.ch\/de\/la-maison\/\">La Maison<\/a><\/em>, kehrte Iman mit ihren Kindern Said und Abraham, 10 und 6 Jahre alt, nach Massongex zur\u00fcck. Etwa im gleichen Alter verbrannten sie und ihr \u00e4lterer Bruder Imad im April 1985 im Libanon bei der Explosion einer Gasflasche w\u00e4hrend des damals herrschenden Krieges. Sie werden von ihrer Mutter aus den Flammen gerettet, verlieren aber an diesem Tag ihre f\u00fcnf Geschwister. Mit schweren Verletzungen im Gesicht, an den Armen und H\u00e4nden wurden die beiden jungen Libanesen im November 1985 in die Schweiz verlegt. Zwischen 1985 und 1987 hielten sie sich in <em>La Maison<\/em> auf, mit mehreren Krankenhausaufenthalten in Lausanne und Genf. R\u00fcckblick auf einen bewegenden Familienbesuch<\/strong>.<\/strong><\/p>\n\n\n\n<figure class=\"wp-block-image size-large\"><img loading=\"lazy\" decoding=\"async\" width=\"1024\" height=\"683\" src=\"https:\/\/www.tdh-valais.ch\/wp-content\/uploads\/2024\/12\/j178_p-10-11_iman-et-famille_pour-site-en-tete-1024x683.jpg\" alt=\"Iman, eine ehemalige Bewohnerin, kehrte im Juli 2024 mit ihrem Mann und ihren Kindern nach La Maison zur\u00fcck.\" class=\"wp-image-11261\" srcset=\"https:\/\/www.tdh-valais.ch\/wp-content\/uploads\/2024\/12\/j178_p-10-11_iman-et-famille_pour-site-en-tete-1024x683.jpg 1024w, https:\/\/www.tdh-valais.ch\/wp-content\/uploads\/2024\/12\/j178_p-10-11_iman-et-famille_pour-site-en-tete-300x200.jpg 300w, https:\/\/www.tdh-valais.ch\/wp-content\/uploads\/2024\/12\/j178_p-10-11_iman-et-famille_pour-site-en-tete-768x512.jpg 768w, https:\/\/www.tdh-valais.ch\/wp-content\/uploads\/2024\/12\/j178_p-10-11_iman-et-famille_pour-site-en-tete-1536x1024.jpg 1536w, https:\/\/www.tdh-valais.ch\/wp-content\/uploads\/2024\/12\/j178_p-10-11_iman-et-famille_pour-site-en-tete-2048x1365.jpg 2048w\" sizes=\"auto, (max-width: 1024px) 100vw, 1024px\" \/><figcaption class=\"wp-element-caption\"><em>Iman, eine ehemalige Bewohnerin, kehrte im Juli 2024 mit ihrem Mann und ihren Kindern <\/em>nach La Maison<em> zur\u00fcck<\/em>.<\/figcaption><\/figure>\n\n\n\n<h3 class=\"wp-block-heading has-text-color has-link-color has-large-font-size wp-elements-6c726cfa12fdfa6639e6832c53d006c8\" id=\"h-ein-lebensrettender-kokon\" style=\"color:#f49600\">Ein lebensrettender Kokon<\/h3>\n\n\n\n<p>\u201eNach meinem Unfall im Libanon im Alter von acht Jahren hatte ich das Gl\u00fcck, in der Schweiz behandelt und in <em>La Maison<\/em> aufgenommen zu werden\u201c, erkl\u00e4rt Iman. Am 30. Juli kehrte sie daher mit viel Gef\u00fchl zusammen mit ihrer Familie auf die Spuren ihrer Kindheit zur\u00fcck. \u201eIndem ich ein Fenster zu diesem Abschnitt meines Lebens \u00f6ffne, m\u00f6chte ich einen Dialog zwischen Gegenwart und Vergangenheit herstellen. Ich m\u00f6chte meinen Kindern zeigen, dass man angesichts alptraumhafter Situationen wie dem Drama, das ich erlebt habe, Hoffnung und echte Menschlichkeit finden kann.\u201c<\/p>\n\n\n\n<p>F\u00fcr sie ist <em>La Maison<\/em> von <em>Terre des hommes Valais<\/em> ein rettender Kokon. \u201eDie G\u00fcte, die ich dort empfunden habe, hat mein Ungl\u00fcck ausgeglichen. Ich war ein unschuldiges Kind, das keine Antwort auf die Gewalt der anderen und deren direkte Folgen hatte. In meinem Fall waren es schwere Verbrennungen und ein zerst\u00f6rtes Leben.\u201c Mit ihrem Besuch m\u00f6chte sie auch ihre Dankbarkeit zum Ausdruck bringen. \u201eIch bin von Herzen dankbar, dass ich in den 80er Jahren in <em>La Maison<\/em> aufgenommen wurde. Ich habe tiefen Respekt vor allen Mitarbeiter.Innen der Einrichtung, die auch heute noch alles tun, um kranke oder verungl\u00fcckte Kinder zu retten.\u201c<\/p>\n\n\n\n<figure class=\"wp-block-image size-large\"><img loading=\"lazy\" decoding=\"async\" width=\"1024\" height=\"767\" src=\"https:\/\/www.tdh-valais.ch\/wp-content\/uploads\/2024\/12\/j178_p-10-11_iman-et-baby-foot-1024x767.jpg\" alt=\"Der Tischfussball ist eine unvergessliche Erinnerung f\u00fcr Iman, die mit ihrem j\u00fcngsten Sohn die Momente wieder aufleben l\u00e4sst, die sie in La Maison mit den anderen Kindern geteilt hat.\" class=\"wp-image-11254\" srcset=\"https:\/\/www.tdh-valais.ch\/wp-content\/uploads\/2024\/12\/j178_p-10-11_iman-et-baby-foot-1024x767.jpg 1024w, https:\/\/www.tdh-valais.ch\/wp-content\/uploads\/2024\/12\/j178_p-10-11_iman-et-baby-foot-300x225.jpg 300w, https:\/\/www.tdh-valais.ch\/wp-content\/uploads\/2024\/12\/j178_p-10-11_iman-et-baby-foot-768x575.jpg 768w, https:\/\/www.tdh-valais.ch\/wp-content\/uploads\/2024\/12\/j178_p-10-11_iman-et-baby-foot-1536x1151.jpg 1536w, https:\/\/www.tdh-valais.ch\/wp-content\/uploads\/2024\/12\/j178_p-10-11_iman-et-baby-foot-2048x1534.jpg 2048w\" sizes=\"auto, (max-width: 1024px) 100vw, 1024px\" \/><figcaption class=\"wp-element-caption\"><em><em>Der Tischfussball ist eine unvergessliche Erinnerung f\u00fcr Iman, die mit ihrem j\u00fcngsten Sohn die Momente wieder aufleben l\u00e4sst, die sie in <\/em>La Maison<em> mit den anderen Kindern geteilt hat<\/em><\/em>.<\/figcaption><\/figure>\n\n\n\n<h3 class=\"wp-block-heading has-text-color has-link-color has-large-font-size wp-elements-a5cc2d119f4b97aa2ff964f5fbcbb005\" id=\"h-schwierigkeiten-uberwinden\" style=\"color:#f49600\">Schwierigkeiten \u00fcberwinden<\/h3>\n\n\n\n<p>Iman ist der Meinung, dass die vielen helfenden H\u00e4nde in <em>La Maison<\/em> daf\u00fcr sorgen, Schwierigkeiten zu \u00fcberwinden. \u201eEs ist ein Ort, der Menschen durch Werte wie Grossz\u00fcgigkeit, Hilfsbereitschaft und Kooperation verbindet, ohne ethnische oder religi\u00f6se Unterschiede.\u201c<\/p>\n\n\n\n<p>Sie erkl\u00e4rt, dass die friedliche Umgebung von <em>La Maison<\/em>, das Spielen und die Interaktion mit den anderen Kindern f\u00fcr sie und ihren Bruder von entscheidender Bedeutung waren, um ihr psychologisches Gleichgewicht wiederzufinden. \u201eWir spielten Tischfussball, Gesellschaftsspiele und Puzzles. Und sonntags haben wir alle zusammen gekocht.\u201c Die Genesung in <em>La Maison<\/em> hat sie in gewisser Weise wiedergeboren, wie Iman betont.<\/p>\n\n\n\n<p>Wie ihr Bruder ist auch Iman der Meinung, dass man seine Schwierigkeiten im Leben \u00fcberwinden muss. Das Drama, das sie erlebt hat, hat sie dazu gebracht, immer mehr zu leisten und die Beste in der Klasse zu sein. Im Jahr 2000 ging sie nach Frankreich, um ihren Doktor in Biologie und Gesundheit zu machen, und gr\u00fcndete anschliessend eine Familie. Sie versucht auch, ein Vorbild f\u00fcr ihre Kinder zu sein, insbesondere f\u00fcr ihren \u00e4ltesten Sohn, der an einem Geburtsfehler leidet, der ihn manchmal bei bestimmten Aktivit\u00e4ten einschr\u00e4nkt.<\/p>\n\n\n\n<figure class=\"wp-block-pullquote has-medium-font-size\"><blockquote><p><strong>\u201eLa Maison ist ein Ort, der Menschen durch Werte wie Grossz\u00fcgigkeit, Hilfsbereitschaft und Kooperation verbindet, ohne ethnische oder religi\u00f6se Unterschiede.\u201c<\/strong><\/p><cite>Iman, die zwischen 1985 und 1987 in La Maison behandelt wurde<\/cite><\/blockquote><\/figure>\n\n\n\n<h3 class=\"wp-block-heading has-text-color has-link-color has-large-font-size wp-elements-ce3269a94937533856b74dd2fea64463\" id=\"h-intakte-erinnerungen\" style=\"color:#f49600\">Intakte Erinnerungen<\/h3>\n\n\n\n<p>Bei ihrem Besuch in Massongex hat Iman den Pavillon, in dem sie wohnte, das \u201eSchneewittchen\u201c-Zimmer, in dem sie schlief, und den Speisesaal, in dem sie mit den anderen Bewohnerinnen und Bewohnern ass, wiederentdeckt. \u201eIch habe das Gef\u00fchl, dass ich einen Traum lebe, wenn ich hierher zur\u00fcckkomme. Mit zunehmendem Alter m\u00f6chte ich den Film meines Lebens noch einmal von Anfang an sehen, mir die Vergangenheit einpr\u00e4gen und sie an meine Kinder weitergeben. Es ist wichtig, dass die nachfolgenden Generationen Lektionen in Sachen Frieden und Solidarit\u00e4t lernen, vor allem angesichts der aktuellen Situation in der Welt und im Libanon im Besonderen.\u201c<\/p>\n\n\n\n<p>Iman war bereits 2003 mit ihrem Bruder Imad und dessen Familie nach <em>La Maison<\/em> zur\u00fcckgekehrt. Der Besuch war sogar Anlass f\u00fcr eine Reportage im <em><a href=\"https:\/\/www.illustre.ch\/\" target=\"_blank\" rel=\"noreferrer noopener\">L&#8217;Illustr\u00e9<\/a><\/em> gewesen. Mehr als 20 Jahre sp\u00e4ter ist sie nun an der Reihe, ihren Kindern <em>La Maison<\/em> zu zeigen.<\/p>\n\n\n\n<p>\u201eIch habe den besten Tag meines Lebens erlebt\u201c, rief Imans \u00e4ltester Sohn Said aus, als er nach einem Nachmittag, der ihm einen Einblick in einen wesentlichen Teil der Kindheit seiner Mutter erm\u00f6glicht hatte, abreiste. \u201eAls ich den Artikel in der Zeitschrift gelesen habe, wollte ich unbedingt den Ort sehen, an dem meine Mutter nach ihrem Unfall zwischen 1985 und 1987 gelebt hat. Ich danke <em>La Maison<\/em> unendlich daf\u00fcr, dass sie meine Mama aufgenommen und gepflegt haben, denn ohne euch w\u00e4re sie nicht hier, und mein Bruder und ich auch nicht.\u201c<\/p>\n\n\n\n<figure class=\"wp-block-pullquote has-medium-font-size\"><blockquote><p><strong>\u201eIch danke La Maison unendlich daf\u00fcr, dass sie meine Mama aufgenommen und gepflegt haben, denn ohne euch w\u00e4re sie nicht hier, und mein Bruder und ich auch nicht.\u201c<\/strong><\/p><cite>Sa\u00efd, 10 Jahre alt, Imans \u00e4ltester Sohn<\/cite><\/blockquote><\/figure>\n\n\n\n<figure class=\"wp-block-image size-large\"><img loading=\"lazy\" decoding=\"async\" width=\"1024\" height=\"687\" src=\"https:\/\/www.tdh-valais.ch\/wp-content\/uploads\/2024\/12\/j178_p-10-11_iman-et-imad-1024x687.jpg\" alt=\"Bei einem ersten Besuch in Massongex im Jahr 2003 teilen Iman und ihr \u00e4lterer Bruder Imad einige Augenblicke mit den Kindern in La Maison.\" class=\"wp-image-11253\" srcset=\"https:\/\/www.tdh-valais.ch\/wp-content\/uploads\/2024\/12\/j178_p-10-11_iman-et-imad-1024x687.jpg 1024w, https:\/\/www.tdh-valais.ch\/wp-content\/uploads\/2024\/12\/j178_p-10-11_iman-et-imad-300x201.jpg 300w, https:\/\/www.tdh-valais.ch\/wp-content\/uploads\/2024\/12\/j178_p-10-11_iman-et-imad-768x515.jpg 768w, https:\/\/www.tdh-valais.ch\/wp-content\/uploads\/2024\/12\/j178_p-10-11_iman-et-imad-350x236.jpg 350w, https:\/\/www.tdh-valais.ch\/wp-content\/uploads\/2024\/12\/j178_p-10-11_iman-et-imad.jpg 1396w\" sizes=\"auto, (max-width: 1024px) 100vw, 1024px\" \/><figcaption class=\"wp-element-caption\"><em>Bei einem ersten Besuch in Massongex im Jahr 2003 teilen Iman und ihr \u00e4lterer Bruder Imad einige Augenblicke mit den Kindern in <\/em>La Maison<em>.<\/em><\/figcaption><\/figure>\n","protected":false},"excerpt":{"rendered":"<p>Bewegende R\u00fcckkehr nach La Maison f\u00fcr Iman, die im Alter von 8 Jahren bei lebendigem Leib verbrannt wurde und zwischen 1985 und 1987 in der Schweiz behandelt wurde. Im vergangenen Juli, fast 40 Jahre nach ihrem Aufenthalt in La Maison, kehrte Iman mit ihren Kindern Said und Abraham, 10 und 6 Jahre alt, nach Massongex [&hellip;]<\/p>\n","protected":false},"featured_media":11261,"template":"","class_list":["post-11371","article","type-article","status-publish","has-post-thumbnail","hentry"],"acf":[],"yoast_head":"<!-- This site is optimized with the Yoast SEO Premium plugin v27.4 (Yoast SEO v27.4) - https:\/\/yoast.com\/product\/yoast-seo-premium-wordpress\/ -->\n<title>La Maison, ein Ort, um wiedergeboren zu werden<\/title>\n<meta name=\"description\" content=\"Bewegende R\u00fcckkehr nach La Maison von Terre des hommes Valais f\u00fcr Iman, die im Alter von 8 Jahren bei lebendigem Leib verbrannt wurde.\" \/>\n<meta name=\"robots\" content=\"index, follow, max-snippet:-1, max-image-preview:large, max-video-preview:-1\" \/>\n<link rel=\"canonical\" href=\"https:\/\/www.tdh-valais.ch\/de\/article\/la-maison-ein-ort-um-wiedergeboren-zu-werden\/\" \/>\n<meta property=\"og:locale\" content=\"de_DE\" \/>\n<meta property=\"og:type\" content=\"article\" \/>\n<meta property=\"og:title\" content=\"La Maison, ein Ort, um wiedergeboren zu werden\" \/>\n<meta property=\"og:description\" content=\"Bewegende R\u00fcckkehr nach La Maison von Terre des hommes Valais f\u00fcr Iman, die im Alter von 8 Jahren bei lebendigem Leib verbrannt wurde.\" \/>\n<meta property=\"og:url\" content=\"https:\/\/www.tdh-valais.ch\/de\/article\/la-maison-ein-ort-um-wiedergeboren-zu-werden\/\" \/>\n<meta property=\"og:site_name\" content=\"Maison de Terre des hommes\" \/>\n<meta property=\"article:modified_time\" content=\"2025-01-08T09:41:14+00:00\" \/>\n<meta property=\"og:image\" content=\"https:\/\/www.tdh-valais.ch\/wp-content\/uploads\/2024\/12\/j178_p-10-11_iman-et-famille_pour-site-en-tete-scaled.jpg\" \/>\n\t<meta property=\"og:image:width\" content=\"2880\" \/>\n\t<meta property=\"og:image:height\" content=\"1920\" \/>\n\t<meta property=\"og:image:type\" content=\"image\/jpeg\" \/>\n<meta name=\"twitter:card\" content=\"summary_large_image\" \/>\n<meta name=\"twitter:label1\" content=\"Gesch\u00e4tzte Lesezeit\" \/>\n\t<meta name=\"twitter:data1\" content=\"6\u00a0Minuten\" \/>\n<script type=\"application\/ld+json\" class=\"yoast-schema-graph\">{\"@context\":\"https:\\\/\\\/schema.org\",\"@graph\":[{\"@type\":\"WebPage\",\"@id\":\"https:\\\/\\\/www.tdh-valais.ch\\\/de\\\/article\\\/la-maison-ein-ort-um-wiedergeboren-zu-werden\\\/\",\"url\":\"https:\\\/\\\/www.tdh-valais.ch\\\/de\\\/article\\\/la-maison-ein-ort-um-wiedergeboren-zu-werden\\\/\",\"name\":\"La Maison, ein Ort, um wiedergeboren zu werden\",\"isPartOf\":{\"@id\":\"https:\\\/\\\/www.tdh-valais.ch\\\/#website\"},\"primaryImageOfPage\":{\"@id\":\"https:\\\/\\\/www.tdh-valais.ch\\\/de\\\/article\\\/la-maison-ein-ort-um-wiedergeboren-zu-werden\\\/#primaryimage\"},\"image\":{\"@id\":\"https:\\\/\\\/www.tdh-valais.ch\\\/de\\\/article\\\/la-maison-ein-ort-um-wiedergeboren-zu-werden\\\/#primaryimage\"},\"thumbnailUrl\":\"https:\\\/\\\/www.tdh-valais.ch\\\/wp-content\\\/uploads\\\/2024\\\/12\\\/j178_p-10-11_iman-et-famille_pour-site-en-tete-scaled.jpg\",\"datePublished\":\"2024-12-23T15:32:29+00:00\",\"dateModified\":\"2025-01-08T09:41:14+00:00\",\"description\":\"Bewegende R\u00fcckkehr nach La Maison von Terre des hommes Valais f\u00fcr Iman, die im Alter von 8 Jahren bei lebendigem Leib verbrannt wurde.\",\"breadcrumb\":{\"@id\":\"https:\\\/\\\/www.tdh-valais.ch\\\/de\\\/article\\\/la-maison-ein-ort-um-wiedergeboren-zu-werden\\\/#breadcrumb\"},\"inLanguage\":\"de\",\"potentialAction\":[{\"@type\":\"ReadAction\",\"target\":[\"https:\\\/\\\/www.tdh-valais.ch\\\/de\\\/article\\\/la-maison-ein-ort-um-wiedergeboren-zu-werden\\\/\"]}]},{\"@type\":\"ImageObject\",\"inLanguage\":\"de\",\"@id\":\"https:\\\/\\\/www.tdh-valais.ch\\\/de\\\/article\\\/la-maison-ein-ort-um-wiedergeboren-zu-werden\\\/#primaryimage\",\"url\":\"https:\\\/\\\/www.tdh-valais.ch\\\/wp-content\\\/uploads\\\/2024\\\/12\\\/j178_p-10-11_iman-et-famille_pour-site-en-tete-scaled.jpg\",\"contentUrl\":\"https:\\\/\\\/www.tdh-valais.ch\\\/wp-content\\\/uploads\\\/2024\\\/12\\\/j178_p-10-11_iman-et-famille_pour-site-en-tete-scaled.jpg\",\"width\":2880,\"height\":1920},{\"@type\":\"BreadcrumbList\",\"@id\":\"https:\\\/\\\/www.tdh-valais.ch\\\/de\\\/article\\\/la-maison-ein-ort-um-wiedergeboren-zu-werden\\\/#breadcrumb\",\"itemListElement\":[{\"@type\":\"ListItem\",\"position\":1,\"name\":\"Home\",\"item\":\"https:\\\/\\\/www.tdh-valais.ch\\\/de\\\/\"},{\"@type\":\"ListItem\",\"position\":2,\"name\":\"La Maison, ein Ort, um wiedergeboren zu werden\"}]},{\"@type\":\"WebSite\",\"@id\":\"https:\\\/\\\/www.tdh-valais.ch\\\/#website\",\"url\":\"https:\\\/\\\/www.tdh-valais.ch\\\/\",\"name\":\"Maison de Terre des hommes\",\"description\":\"La Maison de Terre des hommes \u00e0 Massongex est un home m\u00e9dicalis\u00e9 qui accueilles des enfants malades venus se faire soigner en Suisse.\",\"publisher\":{\"@id\":\"https:\\\/\\\/www.tdh-valais.ch\\\/#organization\"},\"potentialAction\":[{\"@type\":\"SearchAction\",\"target\":{\"@type\":\"EntryPoint\",\"urlTemplate\":\"https:\\\/\\\/www.tdh-valais.ch\\\/?s={search_term_string}\"},\"query-input\":{\"@type\":\"PropertyValueSpecification\",\"valueRequired\":true,\"valueName\":\"search_term_string\"}}],\"inLanguage\":\"de\"},{\"@type\":\"Organization\",\"@id\":\"https:\\\/\\\/www.tdh-valais.ch\\\/#organization\",\"name\":\"Maison de Terre des hommes Valais\",\"url\":\"https:\\\/\\\/www.tdh-valais.ch\\\/\",\"logo\":{\"@type\":\"ImageObject\",\"inLanguage\":\"de\",\"@id\":\"https:\\\/\\\/www.tdh-valais.ch\\\/#\\\/schema\\\/logo\\\/image\\\/\",\"url\":\"https:\\\/\\\/www.tdh-valais.ch\\\/wp-content\\\/uploads\\\/2019\\\/09\\\/logo.png\",\"contentUrl\":\"https:\\\/\\\/www.tdh-valais.ch\\\/wp-content\\\/uploads\\\/2019\\\/09\\\/logo.png\",\"width\":165,\"height\":104,\"caption\":\"Maison de Terre des hommes Valais\"},\"image\":{\"@id\":\"https:\\\/\\\/www.tdh-valais.ch\\\/#\\\/schema\\\/logo\\\/image\\\/\"}}]}<\/script>\n<!-- \/ Yoast SEO Premium plugin. -->","yoast_head_json":{"title":"La Maison, ein Ort, um wiedergeboren zu werden","description":"Bewegende R\u00fcckkehr nach La Maison von Terre des hommes Valais f\u00fcr Iman, die im Alter von 8 Jahren bei lebendigem Leib verbrannt wurde.","robots":{"index":"index","follow":"follow","max-snippet":"max-snippet:-1","max-image-preview":"max-image-preview:large","max-video-preview":"max-video-preview:-1"},"canonical":"https:\/\/www.tdh-valais.ch\/de\/article\/la-maison-ein-ort-um-wiedergeboren-zu-werden\/","og_locale":"de_DE","og_type":"article","og_title":"La Maison, ein Ort, um wiedergeboren zu werden","og_description":"Bewegende R\u00fcckkehr nach La Maison von Terre des hommes Valais f\u00fcr Iman, die im Alter von 8 Jahren bei lebendigem Leib verbrannt wurde.","og_url":"https:\/\/www.tdh-valais.ch\/de\/article\/la-maison-ein-ort-um-wiedergeboren-zu-werden\/","og_site_name":"Maison de Terre des hommes","article_modified_time":"2025-01-08T09:41:14+00:00","og_image":[{"width":2880,"height":1920,"url":"https:\/\/www.tdh-valais.ch\/wp-content\/uploads\/2024\/12\/j178_p-10-11_iman-et-famille_pour-site-en-tete-scaled.jpg","type":"image\/jpeg"}],"twitter_card":"summary_large_image","twitter_misc":{"Gesch\u00e4tzte Lesezeit":"6\u00a0Minuten"},"schema":{"@context":"https:\/\/schema.org","@graph":[{"@type":"WebPage","@id":"https:\/\/www.tdh-valais.ch\/de\/article\/la-maison-ein-ort-um-wiedergeboren-zu-werden\/","url":"https:\/\/www.tdh-valais.ch\/de\/article\/la-maison-ein-ort-um-wiedergeboren-zu-werden\/","name":"La Maison, ein Ort, um wiedergeboren zu werden","isPartOf":{"@id":"https:\/\/www.tdh-valais.ch\/#website"},"primaryImageOfPage":{"@id":"https:\/\/www.tdh-valais.ch\/de\/article\/la-maison-ein-ort-um-wiedergeboren-zu-werden\/#primaryimage"},"image":{"@id":"https:\/\/www.tdh-valais.ch\/de\/article\/la-maison-ein-ort-um-wiedergeboren-zu-werden\/#primaryimage"},"thumbnailUrl":"https:\/\/www.tdh-valais.ch\/wp-content\/uploads\/2024\/12\/j178_p-10-11_iman-et-famille_pour-site-en-tete-scaled.jpg","datePublished":"2024-12-23T15:32:29+00:00","dateModified":"2025-01-08T09:41:14+00:00","description":"Bewegende R\u00fcckkehr nach La Maison von Terre des hommes Valais f\u00fcr Iman, die im Alter von 8 Jahren bei lebendigem Leib verbrannt wurde.","breadcrumb":{"@id":"https:\/\/www.tdh-valais.ch\/de\/article\/la-maison-ein-ort-um-wiedergeboren-zu-werden\/#breadcrumb"},"inLanguage":"de","potentialAction":[{"@type":"ReadAction","target":["https:\/\/www.tdh-valais.ch\/de\/article\/la-maison-ein-ort-um-wiedergeboren-zu-werden\/"]}]},{"@type":"ImageObject","inLanguage":"de","@id":"https:\/\/www.tdh-valais.ch\/de\/article\/la-maison-ein-ort-um-wiedergeboren-zu-werden\/#primaryimage","url":"https:\/\/www.tdh-valais.ch\/wp-content\/uploads\/2024\/12\/j178_p-10-11_iman-et-famille_pour-site-en-tete-scaled.jpg","contentUrl":"https:\/\/www.tdh-valais.ch\/wp-content\/uploads\/2024\/12\/j178_p-10-11_iman-et-famille_pour-site-en-tete-scaled.jpg","width":2880,"height":1920},{"@type":"BreadcrumbList","@id":"https:\/\/www.tdh-valais.ch\/de\/article\/la-maison-ein-ort-um-wiedergeboren-zu-werden\/#breadcrumb","itemListElement":[{"@type":"ListItem","position":1,"name":"Home","item":"https:\/\/www.tdh-valais.ch\/de\/"},{"@type":"ListItem","position":2,"name":"La Maison, ein Ort, um wiedergeboren zu werden"}]},{"@type":"WebSite","@id":"https:\/\/www.tdh-valais.ch\/#website","url":"https:\/\/www.tdh-valais.ch\/","name":"Maison de Terre des hommes","description":"La Maison de Terre des hommes \u00e0 Massongex est un home m\u00e9dicalis\u00e9 qui accueilles des enfants malades venus se faire soigner en Suisse.","publisher":{"@id":"https:\/\/www.tdh-valais.ch\/#organization"},"potentialAction":[{"@type":"SearchAction","target":{"@type":"EntryPoint","urlTemplate":"https:\/\/www.tdh-valais.ch\/?s={search_term_string}"},"query-input":{"@type":"PropertyValueSpecification","valueRequired":true,"valueName":"search_term_string"}}],"inLanguage":"de"},{"@type":"Organization","@id":"https:\/\/www.tdh-valais.ch\/#organization","name":"Maison de Terre des hommes Valais","url":"https:\/\/www.tdh-valais.ch\/","logo":{"@type":"ImageObject","inLanguage":"de","@id":"https:\/\/www.tdh-valais.ch\/#\/schema\/logo\/image\/","url":"https:\/\/www.tdh-valais.ch\/wp-content\/uploads\/2019\/09\/logo.png","contentUrl":"https:\/\/www.tdh-valais.ch\/wp-content\/uploads\/2019\/09\/logo.png","width":165,"height":104,"caption":"Maison de Terre des hommes Valais"},"image":{"@id":"https:\/\/www.tdh-valais.ch\/#\/schema\/logo\/image\/"}}]}},"_links":{"self":[{"href":"https:\/\/www.tdh-valais.ch\/de\/wp-json\/wp\/v2\/article\/11371","targetHints":{"allow":["GET"]}}],"collection":[{"href":"https:\/\/www.tdh-valais.ch\/de\/wp-json\/wp\/v2\/article"}],"about":[{"href":"https:\/\/www.tdh-valais.ch\/de\/wp-json\/wp\/v2\/types\/article"}],"wp:featuredmedia":[{"embeddable":true,"href":"https:\/\/www.tdh-valais.ch\/de\/wp-json\/wp\/v2\/media\/11261"}],"wp:attachment":[{"href":"https:\/\/www.tdh-valais.ch\/de\/wp-json\/wp\/v2\/media?parent=11371"}],"curies":[{"name":"wp","href":"https:\/\/api.w.org\/{rel}","templated":true}]}}